{"id":2388,"date":"2020-10-30T08:35:24","date_gmt":"2020-10-30T11:35:24","guid":{"rendered":"https:\/\/www.gilbertogarcia.com.br\/?p=2388"},"modified":"2020-11-11T20:19:08","modified_gmt":"2020-11-11T23:19:08","slug":"precisamos-falar-sobre-bullying","status":"publish","type":"post","link":"https:\/\/www.gilbertogarcia.com.br\/en\/precisamos-falar-sobre-bullying\/","title":{"rendered":"We need to talk about Bullying"},"content":{"rendered":"<p>For the past years, we have been paying close attention to bullying episodes to bring awareness to the severe problem of this harmful behavior. Bullying can cause emotional or physical hurting and long-lasting consequences for children and everyone involved, including their families.<br \/>\nBefore we talk about such consequences, it is vital to identify the perpetrators of this type of violence.<\/p>\n<h2>Yes! Bullying is one of the ways violence strongly manifests itself.<\/h2>\n<p>Studies identify three types of bullying participant roles:<br \/>\n\u2022 Author: engages in bullying behavior;<br \/>\n\u2022Target: a person or group of people who are targets of the bullying behavior;<br \/>\n\u2022Author \/ Target: someone that can be both - the target of bullying and engage in bullying behavior;<\/p>\n<p><img fetchpriority=\"high\" decoding=\"async\" class=\"aligncenter size-full wp-image-2389\" src=\"https:\/\/www.gilbertogarcia.com.br\/web\/wp-content\/uploads\/2020\/10\/bullying.gif\" alt=\"Precisamos falar sobre Bullying\" width=\"820\" height=\"513\" \/><\/p>\n<p>&nbsp;<\/p>\n<p>For starters, we have to understand those three participant roles but first, let\u2019s keep in mind all of them have experienced some violence beforehand.<br \/>\nSo far, we know that no one - adult or child - becomes violent or is violent prone without some form of prior violence, and it is not rare to this occur in what was supposed to be a safe zone: their own family.<\/p>\n<p>Some studies have shown that children with overprotective or aggressive mothers are prone to suffer bullying.<br \/>\nHostile or permissive parents have little conflict resolution skills and encourage their kids to fight back at the slightest sign of teasing.<br \/>\nThe fragility of family cohesion, the use of physical violence as a form of discipline, and exposure - both as a witness and as a victim - to direct interparental or parental violence (between parents against their children) are also risk factors.<\/p>\n<p>The more severe the violence perpetrated by the parents, the more likely the child is to be the target OR the author\/target of bullying.<br \/>\nWhat are the consequences of bullying?<\/p>\n<p>All bullying victims are affected by this experience. However, each one of them lives and reacts to it in different manners.<br \/>\nThe form and intensity with which this happens depends on several factors, among them: psychological characteristics, degree of self-esteem, life history, protective factors, etc.<br \/>\nAt the time the event occurs, we often see behaviors such as hyperactivity, aggression, offishness, sadness, shyness, difficulty in relating with others, feelings of inferiority, depression and bullying over other groups, for example.<\/p>\n<p>Later, this person can become introverted or expansive; a mediocre professional or a successful person; a bitter, vindictive, selfish or loving, welcoming, empathetic person; and showing compromised self-esteem, insecurity, relationship problems, difficulty in dealing with frustrations, feeling of inferiority, excessive need to please.\nBut whatever the adult that child becomes, he\/she will carry the marks of this experience that is invariably painful.<br \/>\nBut whatever the adult that child becomes, he\/she will carry the marks of this experience that is invariably painful.<br \/>\nBut what makes you choose to be this way or that way?<\/p>\n<p>Your personality characteristics and performance strategies.<br \/>\nFor example, choose to be:<br \/>\na) Introverted \/ extroverted: despite being diametrically opposed strategies, they have the same objective: to hide their feelings of inferiority, compromised self-esteem or fear of relating to others;<br \/>\nb) Mediocre professional: for taking as a truth the negative qualities that were attributed to him\/her in his\/her childhood or successful person: to prove to him or herself that he\/she has the capacity and to his\/her aggressors that they were wrong. However, the reasons are the same: doubting his\/her ability, taking as truth the accusations that his\/her aggressors made him\/her;<br \/>\nPor\u00e9m, as raz\u00f5es s\u00e3o as mesmas: duvidar de sua capacidade, tomando como verdade as acusa\u00e7\u00f5es que seus agressores lhe fizeram;<br \/>\nBitter, vindictive, selfish person: due to suppressed revolt and aggression; or loving, welcoming, empathetic: for recognizing in the other his\/her own life experience and trying, in some way, to alleviate his\/her suffering through solidarity.<\/p>\n<p>Are adults also bullied?<br \/>\nYes! They are.<br \/>\nAnd the fact that they are adults does not make this experience less painful and traumatic. On the contrary.<br \/>\nThose who find themselves in a situation of bullying only find it difficult to react to this practice because they have been victims of some type of violence in the past and have not received adequate support to overcome them.<\/p>\n<p>We must not forget that moral harassment, in all its breadth, is also a form of bullying, but not the only one that affects the adults.<br \/>\nThe religious discrimination, ethnic discrimination among others like geographical (against Northeastern and retirantes*), gender (LGBTfobia and misogyny), physical complexion (obesity, emaciation, dwarfism, claudication, intellectual disability), xenophobia, aporophobia (aversion to indigent people, poor or with few resources) are some examples of reasons used for the practice of bullying.<br \/>\nWhat to do to overcome this experience?<\/p>\n<p>The ideal is to seek professional help and in this sense, the psychologist is the best option.<br \/>\nPsychology is dedicated to helping people to understand this experience, the reasons that led the person to give them this or that meaning and help them to reframe it - give them a new meaning - in order to be able to look at this situation without this continuing to bring them discomfort or suffering.<\/p>\n<p>This work will be just as less arduous, painful and time-consuming as the person's willingness and ability to make contact with these experiences.<br \/>\nRegular physical activity, healthy eating and quality rest are also important factors for successful treatment.<br \/>\nThroughout the process, the psychologist will be able to identify the need for multidisciplinary work - often involving psychiatry - and will define with the client, the best way to do this.<\/p>\n<p>Often times this is a point of strong resistance on the part of the client, due to what we call psychophobia - resistance to accepting the participation of psychiatry and drug assistance in the therapeutic process - and in this case, it is important that the psychologist deconstructs his beliefs and prejudices, not only in relation to mental disorders, but also clarifying that, frequently, the use of this medication will be temporary and totally safe, with reduction of side effects and without the risk of causing dependency, when indicated by a competent professional and properly managed.<\/p>\n<p>Do you identify with any of these situations?<br \/>\nOr do you know someone who fits that profile or is in emotional distress \/ suffering?<br \/>\nDon't be afraid to seek help.<\/p>\n<p>Talk to friends, family and health professionals you trust, looking for referrals from well-referenced professionals to accompany you in this process of self-knowledge and overcoming.<\/p>\n<p>American writer Alberto Camus wrote:<br \/>\n&#8220;<em>\u201c(\u2026)In the midst of winter, I found there was, within me, an invincible summer.\u201d<br \/>\n<\/em><br \/>\n<em>And psychology can help you find your inner summer.<\/em>.<\/p>\n<p><em>Note: this article can be freely reproduced or distributed as long as the author is properly credited.<\/em><\/p>","protected":false},"excerpt":{"rendered":"<p>Nos \u00faltimos anos temos olhado com mais aten\u00e7\u00e3o para as ocorr\u00eancias de situa\u00e7\u00f5es de bullying, numa tentativa de conscientiza\u00e7\u00e3o sobre os problemas que essa pr\u00e1tica pode causar \u2013 e causa! \u2013 na vida n\u00e3o s\u00f3 daquela pessoa que fora v\u00edtima, mas tamb\u00e9m das pessoas que est\u00e3o em seu ciclo de relacionamento e at\u00e9 fora dele. [&hellip;]<\/p>\n","protected":false},"author":1,"featured_media":2389,"comment_status":"open","ping_status":"open","sticky":false,"template":"","format":"standard","meta":{"site-sidebar-layout":"default","site-content-layout":"","ast-site-content-layout":"default","site-content-style":"default","site-sidebar-style":"default","ast-global-header-display":"","ast-banner-title-visibility":"","ast-main-header-display":"","ast-hfb-above-header-display":"","ast-hfb-below-header-display":"","ast-hfb-mobile-header-display":"","site-post-title":"","ast-breadcrumbs-content":"","ast-featured-img":"","footer-sml-layout":"","ast-disable-related-posts":"","theme-transparent-header-meta":"","adv-header-id-meta":"","stick-header-meta":"","header-above-stick-meta":"","header-main-stick-meta":"","header-below-stick-meta":"","astra-migrate-meta-layouts":"default","ast-page-background-enabled":"default","ast-page-background-meta":{"desktop":{"background-color":"","background-image":"","background-repeat":"repeat","background-position":"center center","background-size":"auto","background-attachment":"scroll","background-type":"","background-media":"","overlay-type":"","overlay-color":"","overlay-opacity":"","overlay-gradient":""},"tablet":{"background-color":"","background-image":"","background-repeat":"repeat","background-position":"center center","background-size":"auto","background-attachment":"scroll","background-type":"","background-media":"","overlay-type":"","overlay-color":"","overlay-opacity":"","overlay-gradient":""},"mobile":{"background-color":"","background-image":"","background-repeat":"repeat","background-position":"center center","background-size":"auto","background-attachment":"scroll","background-type":"","background-media":"","overlay-type":"","overlay-color":"","overlay-opacity":"","overlay-gradient":""}},"ast-content-background-meta":{"desktop":{"background-color":"var(--ast-global-color-5)","background-image":"","background-repeat":"repeat","background-position":"center center","background-size":"auto","background-attachment":"scroll","background-type":"","background-media":"","overlay-type":"","overlay-color":"","overlay-opacity":"","overlay-gradient":""},"tablet":{"background-color":"var(--ast-global-color-5)","background-image":"","background-repeat":"repeat","background-position":"center center","background-size":"auto","background-attachment":"scroll","background-type":"","background-media":"","overlay-type":"","overlay-color":"","overlay-opacity":"","overlay-gradient":""},"mobile":{"background-color":"var(--ast-global-color-5)","background-image":"","background-repeat":"repeat","background-position":"center center","background-size":"auto","background-attachment":"scroll","background-type":"","background-media":"","overlay-type":"","overlay-color":"","overlay-opacity":"","overlay-gradient":""}},"footnotes":""},"categories":[17,21],"tags":[49,50],"class_list":["post-2388","post","type-post","status-publish","format-standard","has-post-thumbnail","hentry","category-artigos","category-reflexao","tag-bullying","tag-violencia"],"yoast_head":"<!-- This site is optimized with the Yoast SEO plugin v27.5 - https:\/\/yoast.com\/product\/yoast-seo-wordpress\/ -->\n<title>Precisamos falar sobre Bullying -<\/title>\n<meta name=\"description\" content=\"Psic\u00f3logo Gilberto Garcia. Atendimento Online e Presencial - Depress\u00e3o, P\u00e2nico, Ansiedade. Adolescentes, Adultos, Casais, Fam\u00edlia. Entre em contato para agendar atendimento online ou presencial. Localiza\u00e7\u00e3o privilegiada.\" \/>\n<meta name=\"robots\" content=\"index, follow, max-snippet:-1, max-image-preview:large, max-video-preview:-1\" \/>\n<link rel=\"canonical\" href=\"https:\/\/www.gilbertogarcia.com.br\/en\/precisamos-falar-sobre-bullying\/\" \/>\n<meta property=\"og:locale\" content=\"en_US\" \/>\n<meta property=\"og:type\" content=\"article\" \/>\n<meta property=\"og:title\" content=\"Precisamos falar sobre Bullying -\" \/>\n<meta property=\"og:description\" content=\"Psic\u00f3logo Gilberto Garcia. Atendimento Online e Presencial - Depress\u00e3o, P\u00e2nico, Ansiedade. Adolescentes, Adultos, Casais, Fam\u00edlia. Entre em contato para agendar atendimento online ou presencial. Localiza\u00e7\u00e3o privilegiada.\" \/>\n<meta property=\"og:url\" content=\"https:\/\/www.gilbertogarcia.com.br\/en\/precisamos-falar-sobre-bullying\/\" \/>\n<meta property=\"og:site_name\" content=\"Gilberto Garcia\" \/>\n<meta property=\"article:publisher\" content=\"https:\/\/pt-br.facebook.com\/gilberto.garcia.psicologo\/\" \/>\n<meta property=\"article:published_time\" content=\"2020-10-30T11:35:24+00:00\" \/>\n<meta property=\"article:modified_time\" content=\"2020-11-11T23:19:08+00:00\" \/>\n<meta property=\"og:image\" content=\"https:\/\/www.gilbertogarcia.com.br\/site\/wp-content\/uploads\/2020\/10\/bullying.gif\" \/>\n\t<meta property=\"og:image:width\" content=\"820\" \/>\n\t<meta property=\"og:image:height\" content=\"513\" \/>\n\t<meta property=\"og:image:type\" content=\"image\/gif\" \/>\n<meta name=\"author\" content=\"rudalov\" \/>\n<meta name=\"twitter:card\" content=\"summary_large_image\" \/>\n<meta name=\"twitter:creator\" content=\"@GilbertoPsic\" \/>\n<meta name=\"twitter:site\" content=\"@GilbertoPsic\" \/>\n<meta name=\"twitter:label1\" content=\"Written by\" \/>\n\t<meta name=\"twitter:data1\" content=\"rudalov\" \/>\n\t<meta name=\"twitter:label2\" content=\"Est. reading time\" \/>\n\t<meta name=\"twitter:data2\" content=\"6 minutes\" \/>\n<script type=\"application\/ld+json\" class=\"yoast-schema-graph\">{\"@context\":\"https:\\\/\\\/schema.org\",\"@graph\":[{\"@type\":\"Article\",\"@id\":\"https:\\\/\\\/www.gilbertogarcia.com.br\\\/precisamos-falar-sobre-bullying\\\/#article\",\"isPartOf\":{\"@id\":\"https:\\\/\\\/www.gilbertogarcia.com.br\\\/precisamos-falar-sobre-bullying\\\/\"},\"author\":{\"name\":\"rudalov\",\"@id\":\"https:\\\/\\\/www.gilbertogarcia.com.br\\\/#\\\/schema\\\/person\\\/b40d5996b006af67dc779eb2e38eb536\"},\"headline\":\"Precisamos falar sobre Bullying\",\"datePublished\":\"2020-10-30T11:35:24+00:00\",\"dateModified\":\"2020-11-11T23:19:08+00:00\",\"mainEntityOfPage\":{\"@id\":\"https:\\\/\\\/www.gilbertogarcia.com.br\\\/precisamos-falar-sobre-bullying\\\/\"},\"wordCount\":1215,\"commentCount\":0,\"publisher\":{\"@id\":\"https:\\\/\\\/www.gilbertogarcia.com.br\\\/#organization\"},\"image\":{\"@id\":\"https:\\\/\\\/www.gilbertogarcia.com.br\\\/precisamos-falar-sobre-bullying\\\/#primaryimage\"},\"thumbnailUrl\":\"https:\\\/\\\/www.gilbertogarcia.com.br\\\/site\\\/wp-content\\\/uploads\\\/2020\\\/10\\\/bullying.gif\",\"keywords\":[\"Bullying\",\"viol\u00eancia\"],\"articleSection\":[\"Artigos\",\"Reflex\u00e3o\"],\"inLanguage\":\"en-US\",\"potentialAction\":[{\"@type\":\"CommentAction\",\"name\":\"Comment\",\"target\":[\"https:\\\/\\\/www.gilbertogarcia.com.br\\\/precisamos-falar-sobre-bullying\\\/#respond\"]}]},{\"@type\":\"WebPage\",\"@id\":\"https:\\\/\\\/www.gilbertogarcia.com.br\\\/precisamos-falar-sobre-bullying\\\/\",\"url\":\"https:\\\/\\\/www.gilbertogarcia.com.br\\\/precisamos-falar-sobre-bullying\\\/\",\"name\":\"Precisamos falar sobre Bullying -\",\"isPartOf\":{\"@id\":\"https:\\\/\\\/www.gilbertogarcia.com.br\\\/#website\"},\"primaryImageOfPage\":{\"@id\":\"https:\\\/\\\/www.gilbertogarcia.com.br\\\/precisamos-falar-sobre-bullying\\\/#primaryimage\"},\"image\":{\"@id\":\"https:\\\/\\\/www.gilbertogarcia.com.br\\\/precisamos-falar-sobre-bullying\\\/#primaryimage\"},\"thumbnailUrl\":\"https:\\\/\\\/www.gilbertogarcia.com.br\\\/site\\\/wp-content\\\/uploads\\\/2020\\\/10\\\/bullying.gif\",\"datePublished\":\"2020-10-30T11:35:24+00:00\",\"dateModified\":\"2020-11-11T23:19:08+00:00\",\"description\":\"Psic\u00f3logo Gilberto Garcia. Atendimento Online e Presencial - Depress\u00e3o, P\u00e2nico, Ansiedade. Adolescentes, Adultos, Casais, Fam\u00edlia. Entre em contato para agendar atendimento online ou presencial. Localiza\u00e7\u00e3o privilegiada.\",\"breadcrumb\":{\"@id\":\"https:\\\/\\\/www.gilbertogarcia.com.br\\\/precisamos-falar-sobre-bullying\\\/#breadcrumb\"},\"inLanguage\":\"en-US\",\"potentialAction\":[{\"@type\":\"ReadAction\",\"target\":[\"https:\\\/\\\/www.gilbertogarcia.com.br\\\/precisamos-falar-sobre-bullying\\\/\"]}]},{\"@type\":\"ImageObject\",\"inLanguage\":\"en-US\",\"@id\":\"https:\\\/\\\/www.gilbertogarcia.com.br\\\/precisamos-falar-sobre-bullying\\\/#primaryimage\",\"url\":\"https:\\\/\\\/www.gilbertogarcia.com.br\\\/site\\\/wp-content\\\/uploads\\\/2020\\\/10\\\/bullying.gif\",\"contentUrl\":\"https:\\\/\\\/www.gilbertogarcia.com.br\\\/site\\\/wp-content\\\/uploads\\\/2020\\\/10\\\/bullying.gif\",\"width\":820,\"height\":513,\"caption\":\"Precisamos falar sobre Bullying\"},{\"@type\":\"BreadcrumbList\",\"@id\":\"https:\\\/\\\/www.gilbertogarcia.com.br\\\/precisamos-falar-sobre-bullying\\\/#breadcrumb\",\"itemListElement\":[{\"@type\":\"ListItem\",\"position\":1,\"name\":\"In\u00edcio\",\"item\":\"https:\\\/\\\/www.gilbertogarcia.com.br\\\/\"},{\"@type\":\"ListItem\",\"position\":2,\"name\":\"Precisamos falar sobre Bullying\"}]},{\"@type\":\"WebSite\",\"@id\":\"https:\\\/\\\/www.gilbertogarcia.com.br\\\/#website\",\"url\":\"https:\\\/\\\/www.gilbertogarcia.com.br\\\/\",\"name\":\"Gilberto Garcia\",\"description\":\"Psic\u00f3logo\",\"publisher\":{\"@id\":\"https:\\\/\\\/www.gilbertogarcia.com.br\\\/#organization\"},\"potentialAction\":[{\"@type\":\"SearchAction\",\"target\":{\"@type\":\"EntryPoint\",\"urlTemplate\":\"https:\\\/\\\/www.gilbertogarcia.com.br\\\/?s={search_term_string}\"},\"query-input\":{\"@type\":\"PropertyValueSpecification\",\"valueRequired\":true,\"valueName\":\"search_term_string\"}}],\"inLanguage\":\"en-US\"},{\"@type\":\"Organization\",\"@id\":\"https:\\\/\\\/www.gilbertogarcia.com.br\\\/#organization\",\"name\":\"Psic\u00f3logo Gilberto Garcia\",\"url\":\"https:\\\/\\\/www.gilbertogarcia.com.br\\\/\",\"logo\":{\"@type\":\"ImageObject\",\"inLanguage\":\"en-US\",\"@id\":\"https:\\\/\\\/www.gilbertogarcia.com.br\\\/#\\\/schema\\\/logo\\\/image\\\/\",\"url\":\"https:\\\/\\\/www.gilbertogarcia.com.br\\\/web\\\/wp-content\\\/uploads\\\/2019\\\/09\\\/logo-site-black.png\",\"contentUrl\":\"https:\\\/\\\/www.gilbertogarcia.com.br\\\/web\\\/wp-content\\\/uploads\\\/2019\\\/09\\\/logo-site-black.png\",\"width\":190,\"height\":145,\"caption\":\"Psic\u00f3logo Gilberto Garcia\"},\"image\":{\"@id\":\"https:\\\/\\\/www.gilbertogarcia.com.br\\\/#\\\/schema\\\/logo\\\/image\\\/\"},\"sameAs\":[\"https:\\\/\\\/pt-br.facebook.com\\\/gilberto.garcia.psicologo\\\/\",\"https:\\\/\\\/x.com\\\/GilbertoPsic\",\"https:\\\/\\\/www.instagram.com\\\/gilbertogarcia_psicologo\\\/\",\"http:\\\/\\\/linkedin.com\\\/company\\\/gilberto-garcia-psiclogo\"]},{\"@type\":\"Person\",\"@id\":\"https:\\\/\\\/www.gilbertogarcia.com.br\\\/#\\\/schema\\\/person\\\/b40d5996b006af67dc779eb2e38eb536\",\"name\":\"rudalov\",\"url\":\"https:\\\/\\\/www.gilbertogarcia.com.br\\\/en\\\/author\\\/rudalov\\\/\"}]}<\/script>\n<!-- \/ Yoast SEO plugin. -->","yoast_head_json":{"title":"Precisamos falar sobre Bullying -","description":"Psic\u00f3logo Gilberto Garcia. Atendimento Online e Presencial - Depress\u00e3o, P\u00e2nico, Ansiedade. Adolescentes, Adultos, Casais, Fam\u00edlia. Entre em contato para agendar atendimento online ou presencial. Localiza\u00e7\u00e3o privilegiada.","robots":{"index":"index","follow":"follow","max-snippet":"max-snippet:-1","max-image-preview":"max-image-preview:large","max-video-preview":"max-video-preview:-1"},"canonical":"https:\/\/www.gilbertogarcia.com.br\/en\/precisamos-falar-sobre-bullying\/","og_locale":"en_US","og_type":"article","og_title":"Precisamos falar sobre Bullying -","og_description":"Psic\u00f3logo Gilberto Garcia. Atendimento Online e Presencial - Depress\u00e3o, P\u00e2nico, Ansiedade. Adolescentes, Adultos, Casais, Fam\u00edlia. Entre em contato para agendar atendimento online ou presencial. Localiza\u00e7\u00e3o privilegiada.","og_url":"https:\/\/www.gilbertogarcia.com.br\/en\/precisamos-falar-sobre-bullying\/","og_site_name":"Gilberto Garcia","article_publisher":"https:\/\/pt-br.facebook.com\/gilberto.garcia.psicologo\/","article_published_time":"2020-10-30T11:35:24+00:00","article_modified_time":"2020-11-11T23:19:08+00:00","og_image":[{"width":820,"height":513,"url":"https:\/\/www.gilbertogarcia.com.br\/site\/wp-content\/uploads\/2020\/10\/bullying.gif","type":"image\/gif"}],"author":"rudalov","twitter_card":"summary_large_image","twitter_creator":"@GilbertoPsic","twitter_site":"@GilbertoPsic","twitter_misc":{"Written by":"rudalov","Est. reading time":"6 minutes"},"schema":{"@context":"https:\/\/schema.org","@graph":[{"@type":"Article","@id":"https:\/\/www.gilbertogarcia.com.br\/precisamos-falar-sobre-bullying\/#article","isPartOf":{"@id":"https:\/\/www.gilbertogarcia.com.br\/precisamos-falar-sobre-bullying\/"},"author":{"name":"rudalov","@id":"https:\/\/www.gilbertogarcia.com.br\/#\/schema\/person\/b40d5996b006af67dc779eb2e38eb536"},"headline":"Precisamos falar sobre Bullying","datePublished":"2020-10-30T11:35:24+00:00","dateModified":"2020-11-11T23:19:08+00:00","mainEntityOfPage":{"@id":"https:\/\/www.gilbertogarcia.com.br\/precisamos-falar-sobre-bullying\/"},"wordCount":1215,"commentCount":0,"publisher":{"@id":"https:\/\/www.gilbertogarcia.com.br\/#organization"},"image":{"@id":"https:\/\/www.gilbertogarcia.com.br\/precisamos-falar-sobre-bullying\/#primaryimage"},"thumbnailUrl":"https:\/\/www.gilbertogarcia.com.br\/site\/wp-content\/uploads\/2020\/10\/bullying.gif","keywords":["Bullying","viol\u00eancia"],"articleSection":["Artigos","Reflex\u00e3o"],"inLanguage":"en-US","potentialAction":[{"@type":"CommentAction","name":"Comment","target":["https:\/\/www.gilbertogarcia.com.br\/precisamos-falar-sobre-bullying\/#respond"]}]},{"@type":"WebPage","@id":"https:\/\/www.gilbertogarcia.com.br\/precisamos-falar-sobre-bullying\/","url":"https:\/\/www.gilbertogarcia.com.br\/precisamos-falar-sobre-bullying\/","name":"Precisamos falar sobre Bullying -","isPartOf":{"@id":"https:\/\/www.gilbertogarcia.com.br\/#website"},"primaryImageOfPage":{"@id":"https:\/\/www.gilbertogarcia.com.br\/precisamos-falar-sobre-bullying\/#primaryimage"},"image":{"@id":"https:\/\/www.gilbertogarcia.com.br\/precisamos-falar-sobre-bullying\/#primaryimage"},"thumbnailUrl":"https:\/\/www.gilbertogarcia.com.br\/site\/wp-content\/uploads\/2020\/10\/bullying.gif","datePublished":"2020-10-30T11:35:24+00:00","dateModified":"2020-11-11T23:19:08+00:00","description":"Psic\u00f3logo Gilberto Garcia. Atendimento Online e Presencial - Depress\u00e3o, P\u00e2nico, Ansiedade. Adolescentes, Adultos, Casais, Fam\u00edlia. Entre em contato para agendar atendimento online ou presencial. Localiza\u00e7\u00e3o privilegiada.","breadcrumb":{"@id":"https:\/\/www.gilbertogarcia.com.br\/precisamos-falar-sobre-bullying\/#breadcrumb"},"inLanguage":"en-US","potentialAction":[{"@type":"ReadAction","target":["https:\/\/www.gilbertogarcia.com.br\/precisamos-falar-sobre-bullying\/"]}]},{"@type":"ImageObject","inLanguage":"en-US","@id":"https:\/\/www.gilbertogarcia.com.br\/precisamos-falar-sobre-bullying\/#primaryimage","url":"https:\/\/www.gilbertogarcia.com.br\/site\/wp-content\/uploads\/2020\/10\/bullying.gif","contentUrl":"https:\/\/www.gilbertogarcia.com.br\/site\/wp-content\/uploads\/2020\/10\/bullying.gif","width":820,"height":513,"caption":"Precisamos falar sobre Bullying"},{"@type":"BreadcrumbList","@id":"https:\/\/www.gilbertogarcia.com.br\/precisamos-falar-sobre-bullying\/#breadcrumb","itemListElement":[{"@type":"ListItem","position":1,"name":"In\u00edcio","item":"https:\/\/www.gilbertogarcia.com.br\/"},{"@type":"ListItem","position":2,"name":"Precisamos falar sobre Bullying"}]},{"@type":"WebSite","@id":"https:\/\/www.gilbertogarcia.com.br\/#website","url":"https:\/\/www.gilbertogarcia.com.br\/","name":"Gilberto Garcia","description":"Psychologist","publisher":{"@id":"https:\/\/www.gilbertogarcia.com.br\/#organization"},"potentialAction":[{"@type":"SearchAction","target":{"@type":"EntryPoint","urlTemplate":"https:\/\/www.gilbertogarcia.com.br\/?s={search_term_string}"},"query-input":{"@type":"PropertyValueSpecification","valueRequired":true,"valueName":"search_term_string"}}],"inLanguage":"en-US"},{"@type":"Organization","@id":"https:\/\/www.gilbertogarcia.com.br\/#organization","name":"Gilberto Garcia \u2013 Psychologist","url":"https:\/\/www.gilbertogarcia.com.br\/","logo":{"@type":"ImageObject","inLanguage":"en-US","@id":"https:\/\/www.gilbertogarcia.com.br\/#\/schema\/logo\/image\/","url":"https:\/\/www.gilbertogarcia.com.br\/web\/wp-content\/uploads\/2019\/09\/logo-site-black.png","contentUrl":"https:\/\/www.gilbertogarcia.com.br\/web\/wp-content\/uploads\/2019\/09\/logo-site-black.png","width":190,"height":145,"caption":"Psic\u00f3logo Gilberto Garcia"},"image":{"@id":"https:\/\/www.gilbertogarcia.com.br\/#\/schema\/logo\/image\/"},"sameAs":["https:\/\/pt-br.facebook.com\/gilberto.garcia.psicologo\/","https:\/\/x.com\/GilbertoPsic","https:\/\/www.instagram.com\/gilbertogarcia_psicologo\/","http:\/\/linkedin.com\/company\/gilberto-garcia-psiclogo"]},{"@type":"Person","@id":"https:\/\/www.gilbertogarcia.com.br\/#\/schema\/person\/b40d5996b006af67dc779eb2e38eb536","name":"rudalov","url":"https:\/\/www.gilbertogarcia.com.br\/en\/author\/rudalov\/"}]}},"_links":{"self":[{"href":"https:\/\/www.gilbertogarcia.com.br\/en\/wp-json\/wp\/v2\/posts\/2388","targetHints":{"allow":["GET"]}}],"collection":[{"href":"https:\/\/www.gilbertogarcia.com.br\/en\/wp-json\/wp\/v2\/posts"}],"about":[{"href":"https:\/\/www.gilbertogarcia.com.br\/en\/wp-json\/wp\/v2\/types\/post"}],"author":[{"embeddable":true,"href":"https:\/\/www.gilbertogarcia.com.br\/en\/wp-json\/wp\/v2\/users\/1"}],"replies":[{"embeddable":true,"href":"https:\/\/www.gilbertogarcia.com.br\/en\/wp-json\/wp\/v2\/comments?post=2388"}],"version-history":[{"count":0,"href":"https:\/\/www.gilbertogarcia.com.br\/en\/wp-json\/wp\/v2\/posts\/2388\/revisions"}],"wp:featuredmedia":[{"embeddable":true,"href":"https:\/\/www.gilbertogarcia.com.br\/en\/wp-json\/wp\/v2\/media\/2389"}],"wp:attachment":[{"href":"https:\/\/www.gilbertogarcia.com.br\/en\/wp-json\/wp\/v2\/media?parent=2388"}],"wp:term":[{"taxonomy":"category","embeddable":true,"href":"https:\/\/www.gilbertogarcia.com.br\/en\/wp-json\/wp\/v2\/categories?post=2388"},{"taxonomy":"post_tag","embeddable":true,"href":"https:\/\/www.gilbertogarcia.com.br\/en\/wp-json\/wp\/v2\/tags?post=2388"}],"curies":[{"name":"wp","href":"https:\/\/api.w.org\/{rel}","templated":true}]}}